{"id":228,"date":"2019-08-19T08:48:00","date_gmt":"2019-08-19T05:48:00","guid":{"rendered":"https:\/\/eventfactory.ro\/?p=228"},"modified":"2025-03-19T09:00:14","modified_gmt":"2025-03-19T07:00:14","slug":"oromanya-oromapa-szerepe","status":"publish","type":"post","link":"https:\/\/eventfactory.ro\/hu\/oromanya-oromapa-szerepe\/","title":{"rendered":"\u00d6r\u00f6manya, \u00d6r\u00f6mapa szerepe"},"content":{"rendered":"\n<p>\u00c9let\u00fck egyik legszebb \u00e9s egyben legnehezebb napja gyermek\u00fck esk\u00fcv\u0151je. Felemel\u0151 \u00e9rz\u00e9s l\u00e1tni gyermek\u00fck boldogs\u00e1g\u00e1t azonban ez a nap egyben az elenged\u00e9s napja is, ami bizony sz\u00edvszor\u00edt\u00f3 pillanatokat is okozhat.<\/p>\n\n\n\n<p>Mindenkinek egy\u00e9ni d\u00f6nt\u00e9se, mennyire engedi belesz\u00f3lni az \u00f6r\u00f6msz\u00fcl\u0151ket az esk\u00fcv\u0151szervez\u00e9sbe. \u00c9rdemes azonban \u00e9szben tartani, hogy nemcsak mi, de az \u00f6r\u00f6msz\u00fcl\u0151k is izgulnak az esk\u00fcv\u0151 miatt. Ez az idegess\u00e9g gyakran \u00e1tcsaphat t\u00falzott szervez\u0151k\u00e9szs\u00e9gbe, amin pedig az ifj\u00fa p\u00e1r esetleg meg is s\u00e9rt\u0151dhet.<\/p>\n\n\n\n<p>A konfliktusok elker\u00fcl\u00e9s\u00e9re a legjobb megold\u00e1s, ha megbesz\u00e9lj\u00fcnk vel\u00fck m\u00e1r a legelej\u00e9n, hogy mik azok az \u00f6r\u00f6msz\u00fcl\u0151 feladatok, amiben k\u00e9rj\u00fck a seg\u00edts\u00e9g\u00fcket, \u00e9s melyek azok a k\u00e9rd\u00e9sk\u00f6r\u00f6k, amibe nem szeretn\u00e9tek, ha belesz\u00f3ln\u00e1nak.<\/p>\n\n\n\n<p>Ha \u00e9rzik, hogy sz\u00fcks\u00e9g van r\u00e1juk, teljes er\u0151bedob\u00e1ssal fognak a saj\u00e1t feladataikra koncentr\u00e1lni. Ezzel nagy terhet vesznek le a v\u00e1llatokr\u00f3l, \u00e9s nem sz\u00f3lnak bele olyan dolgokba amiket ti szeretn\u00e9tek megoldani.<\/p>\n\n\n\n<p>R\u00e9gebben a&nbsp;<em>menyasszony sz\u00fclei<\/em>&nbsp;feladatk\u00f6r\u00e9be tartozott az esk\u00fcv\u0151 finansz\u00edroz\u00e1sa, azonban ez ma m\u00e1r nem \u00e9rv\u00e9nyes. Mindenki annyival seg\u00edt be, amennyivel tud, s\u0151t, a leggyakrabban az ifj\u00fa p\u00e1r fizeti az esk\u00fcv\u0151t.<\/p>\n\n\n\n<p>A&nbsp;<em>v\u0151leg\u00e9ny sz\u00fcleinek<\/em>&nbsp;kicsit kevesebb feladata van, de ne felejts\u00fck el, hogy nekik ugyanannyira meghat\u00f3 \u00e9s fontos nap fiuk esk\u00fcv\u0151je, mint a menyasszony sz\u00fcleinek! Igyekezz\u00fcnk min\u00e9l t\u00f6bb feladatba \u0151ket is bevonni! \u00c9rdemes azonban elosztani a feladatokat, hogy elker\u00fclj\u00fck a keresztbeszervez\u00e9seket.<\/p>\n\n\n\n<h3 class=\"wp-block-heading\"><strong>MENYASSZONY \u00c9DESANYJA SEG\u00cdTHET:<\/strong><\/h3>\n\n\n\n<ul class=\"wp-block-list\">\n<li>a k\u00f6sz\u00f6n\u0151aj\u00e1nd\u00e9kok megrendel\u00e9s\u00e9ben;<\/li>\n\n\n\n<li>a vend\u00e9glista \u00f6ssze\u00e1ll\u00edt\u00e1s\u00e1ban;<\/li>\n\n\n\n<li>a menyasszony rokonaival val\u00f3 kapcsolattart\u00e1sban;<\/li>\n\n\n\n<li>a vend\u00e9gek visszaigazol\u00e1s\u00e1nak \u00f6sszegz\u00e9s\u00e9ben;<\/li>\n\n\n\n<li>az \u00fcltet\u00e9si rend kialak\u00edt\u00e1s\u00e1ban;<\/li>\n\n\n\n<li>a menyasszony ruh\u00e1j\u00e1nak kiv\u00e1laszt\u00e1s\u00e1ban;<\/li>\n\n\n\n<li>az esk\u00fcv\u0151 napj\u00e1n, a menyasszony \u00f6lt\u00f6ztet\u00e9s\u00e9ben;<\/li>\n\n\n\n<li>szertart\u00e1s el\u0151tt\/ut\u00e1n a vend\u00e9gek fogad\u00e1s\u00e1ban;<\/li>\n\n\n\n<li>a n\u00e1szaj\u00e1nd\u00e9kok szemmel tart\u00e1s\u00e1ban, elrendez\u00e9s\u00e9ben, stb.<\/li>\n<\/ul>\n\n\n\n<h3 class=\"wp-block-heading\"><strong>MENYASSZONY \u00c9DESAPJA SEG\u00cdTHET:<\/strong><\/h3>\n\n\n\n<ul class=\"wp-block-list\">\n<li>a vend\u00e9gek fogad\u00e1s\u00e1ban;<\/li>\n\n\n\n<li>a jegyesp\u00e1r sz\u00e1ll\u00edt\u00e1s\u00e1nak szervez\u00e9s\u00e9ben;<\/li>\n\n\n\n<li>a vend\u00e9glista \u00f6ssze\u00e1ll\u00edt\u00e1s\u00e1ban;<\/li>\n\n\n\n<li>\u00fcltet\u00e9si rend kialak\u00edt\u00e1s\u00e1ba;<\/li>\n\n\n\n<li>az italok, \u00e9telek megrendel\u00e9s\u00e9ben;<\/li>\n\n\n\n<li>a vend\u00e9gek sz\u00e1ll\u00e1s\u00e1nak int\u00e9z\u00e9s\u00e9ben;<\/li>\n\n\n\n<li>FELADATA a menyasszony templomba val\u00f3 bevezet\u00e9se \u00e9s a lagzi sor\u00e1n az elmaradhatatlan\u00a0apa-l\u00e1nya t\u00e1nc.<\/li>\n<\/ul>\n\n\n\n<h3 class=\"wp-block-heading\"><strong>V\u0150LEG\u00c9NY \u00c9DESANYJA SEG\u00cdTHET:<\/strong><\/h3>\n\n\n\n<ul class=\"wp-block-list\">\n<li>a vend\u00e9glista \u00f6ssze\u00edr\u00e1s\u00e1ban;<\/li>\n\n\n\n<li>a v\u0151leg\u00e9ny rokonaival val\u00f3 kapcsolattart\u00e1sban;<\/li>\n\n\n\n<li>k\u00f6sz\u00f6n\u0151aj\u00e1nd\u00e9kok beszerz\u00e9s\u00e9ben;<\/li>\n\n\n\n<li>\u00fcltet\u00e9si rend kialak\u00edt\u00e1s\u00e1ban;<\/li>\n\n\n\n<li>vend\u00e9gek fogad\u00e1s\u00e1ban \u00e9s koordin\u00e1l\u00e1sban.<\/li>\n<\/ul>\n\n\n\n<h3 class=\"wp-block-heading\"><strong>V\u0150LEG\u00c9NY \u00c9DESAPJA SEG\u00cdTHET:<\/strong><\/h3>\n\n\n\n<ul class=\"wp-block-list\">\n<li>a vend\u00e9glista \u00f6ssze\u00edr\u00e1s\u00e1ban;<\/li>\n\n\n\n<li>a vend\u00e9gek fogad\u00e1s\u00e1ban;<\/li>\n\n\n\n<li>a v\u0151leg\u00e9ny \u00f6lt\u00f6z\u00e9k\u00e9nek kiv\u00e1laszt\u00e1s\u00e1ban;<\/li>\n\n\n\n<li>a v\u0151leg\u00e9ny \u00f6lt\u00f6ztet\u00e9s\u00e9ben;<\/li>\n\n\n\n<li>az \u00e9telek, italok kiv\u00e1laszt\u00e1s\u00e1ban;<\/li>\n\n\n\n<li>fot\u00f3z\u00e1shoz a vend\u00e9gek koordin\u00e1l\u00e1s\u00e1ban.<\/li>\n<\/ul>\n\n\n\n<p>&nbsp;<strong><u>SOHA NE TEGYE!<\/u><\/strong><\/p>\n\n\n\n<ol class=\"wp-block-list\">\n<li>ne k\u00e9ssen, hisz az ifj\u00fa p\u00e1r sz\u00e1m\u00e1ra jelenl\u00e9t\u00fck n\u00e9lk\u00fcl\u00f6zhetetlen;<\/li>\n\n\n\n<li>ne lopja el a show-t!\u00a0Ne \u0151 t\u00e1ncoljon folyamatosan a parkett k\u00f6zep\u00e9n \u00e9s ne ir\u00e1ny\u00edtgassa a fot\u00f3st, zenekart, cerem\u00f3nia mestert.<\/li>\n\n\n\n<li>ne \u00edrja \u00e1t a forgat\u00f3k\u00f6nyvet! A szkeptikus \u00f6r\u00f6many\u00e1k szeretnek belesz\u00f3lni a forgat\u00f3k\u00f6nyvbe, a cerem\u00f3niamester bej\u00e1ratott, rutinos program\u00e1t kereszt\u00fclh\u00fazni, m\u00f3d\u00f3s\u00edtani a konyhai id\u0151pontokat,\u00a0 az el\u0151re lesz\u00f6gezett zenest\u00edlust \u00e1t\u00edrni, a\u00a0 n\u00e1szn\u00e9pet koordin\u00e1lni, \u00e9s a gyepl\u00fat megragadni.<\/li>\n<\/ol>\n\n\n\n<p>A helysz\u00ednen m\u00e1r nem \u00e9rdemes semmit sem \u00e1tvari\u00e1lni.&nbsp; A kiv\u00e1lasztott esk\u00fcv\u0151szervez\u0151 \u00e9rti a dolg\u00e1t, jobban teszi ha megb\u00edzik a gyereke \u00e1ltal felb\u00e9relt szolg\u00e1ltat\u00f3k munk\u00e1j\u00e1ban. Vesz\u00e9lyes felbor\u00edtani a megbesz\u00e9lt forgat\u00f3k\u00f6nyvet,&nbsp;hiszen az sok-sok emberrel lett leegyeztetve el\u0151re.<\/p>\n\n\n\n<ol start=\"4\" class=\"wp-block-list\">\n<li>Ne viseljen teljesen feh\u00e9r vagy pezsg\u0151sz\u00edn\u0171 ruh\u00e1t.<\/li>\n\n\n\n<li>Nagyon fontos: ak\u00e1r kedveli a l\u00e1nya\/fia v\u00e1lasztottj\u00e1t \u00e9s annak csal\u00e1dj\u00e1t, ak\u00e1r nem, ne fejezze ki a negat\u00edv \u00e9rz\u00e9seit egyik\u00fck fel\u00e9 se a NagyNapon!<\/li>\n<\/ol>\n\n\n\n<p>Nyilv\u00e1nval\u00f3, hogy az esk\u00fcv\u0151 nem a konfliktusok \u00e9s veszeked\u00e9sek helye.<\/p>\n","protected":false},"excerpt":{"rendered":"<p>\u00c9let\u00fck egyik legszebb \u00e9s egyben legnehezebb napja gyermek\u00fck esk\u00fcv\u0151je. Felemel\u0151 \u00e9rz\u00e9s l\u00e1tni gyermek\u00fck boldogs\u00e1g\u00e1t azonban ez a nap egyben az elenged\u00e9s napja is, ami bizony sz\u00edvszor\u00edt\u00f3 pillanatokat is okozhat. Mindenkinek egy\u00e9ni d\u00f6nt\u00e9se, mennyire engedi belesz\u00f3lni az \u00f6r\u00f6msz\u00fcl\u0151ket az esk\u00fcv\u0151szervez\u00e9sbe. \u00c9rdemes azonban \u00e9szben tartani, hogy nemcsak mi, de az \u00f6r\u00f6msz\u00fcl\u0151k is izgulnak az esk\u00fcv\u0151 miatt. Ez&#8230;<\/p>\n","protected":false},"author":1,"featured_media":229,"comment_status":"open","ping_status":"open","sticky":false,"template":"","format":"standard","meta":{"_kad_blocks_custom_css":"","_kad_blocks_head_custom_js":"","_kad_blocks_body_custom_js":"","_kad_blocks_footer_custom_js":"","_kadence_starter_templates_imported_post":false,"_kad_post_transparent":"","_kad_post_title":"","_kad_post_layout":"","_kad_post_sidebar_id":"","_kad_post_content_style":"","_kad_post_vertical_padding":"","_kad_post_feature":"","_kad_post_feature_position":"","_kad_post_header":false,"_kad_post_footer":false,"_kad_post_classname":"","footnotes":""},"categories":[2],"tags":[],"class_list":["post-228","post","type-post","status-publish","format-standard","has-post-thumbnail","hentry","category-utmutato"],"taxonomy_info":{"category":[{"value":2,"label":"\u00datmutat\u00f3"}]},"featured_image_src_large":["https:\/\/eventfactory.ro\/wp-content\/uploads\/2025\/03\/oromapa_oromanya_szerepe-1024x683.jpg",1024,683,true],"author_info":{"display_name":"taki","author_link":"https:\/\/eventfactory.ro\/hu\/author\/taki\/"},"comment_info":0,"category_info":[{"term_id":2,"name":"\u00datmutat\u00f3","slug":"utmutato","term_group":0,"term_taxonomy_id":2,"taxonomy":"category","description":"","parent":0,"count":5,"filter":"raw","cat_ID":2,"category_count":5,"category_description":"","cat_name":"\u00datmutat\u00f3","category_nicename":"utmutato","category_parent":0}],"tag_info":false,"_links":{"self":[{"href":"https:\/\/eventfactory.ro\/hu\/wp-json\/wp\/v2\/posts\/228","targetHints":{"allow":["GET"]}}],"collection":[{"href":"https:\/\/eventfactory.ro\/hu\/wp-json\/wp\/v2\/posts"}],"about":[{"href":"https:\/\/eventfactory.ro\/hu\/wp-json\/wp\/v2\/types\/post"}],"author":[{"embeddable":true,"href":"https:\/\/eventfactory.ro\/hu\/wp-json\/wp\/v2\/users\/1"}],"replies":[{"embeddable":true,"href":"https:\/\/eventfactory.ro\/hu\/wp-json\/wp\/v2\/comments?post=228"}],"version-history":[{"count":1,"href":"https:\/\/eventfactory.ro\/hu\/wp-json\/wp\/v2\/posts\/228\/revisions"}],"predecessor-version":[{"id":230,"href":"https:\/\/eventfactory.ro\/hu\/wp-json\/wp\/v2\/posts\/228\/revisions\/230"}],"wp:featuredmedia":[{"embeddable":true,"href":"https:\/\/eventfactory.ro\/hu\/wp-json\/wp\/v2\/media\/229"}],"wp:attachment":[{"href":"https:\/\/eventfactory.ro\/hu\/wp-json\/wp\/v2\/media?parent=228"}],"wp:term":[{"taxonomy":"category","embeddable":true,"href":"https:\/\/eventfactory.ro\/hu\/wp-json\/wp\/v2\/categories?post=228"},{"taxonomy":"post_tag","embeddable":true,"href":"https:\/\/eventfactory.ro\/hu\/wp-json\/wp\/v2\/tags?post=228"}],"curies":[{"name":"wp","href":"https:\/\/api.w.org\/{rel}","templated":true}]}}